{"id":4108,"date":"2025-03-27T17:16:58","date_gmt":"2025-03-27T17:16:58","guid":{"rendered":"https:\/\/www.sedexpo.com\/sedexpo-2025-recorrio-hoy-en-su-programa-desde-los-incendios-forestales-o-la-dana-hasta-la-seguridad-privada-y-la-lucha-contra-el-narcotrafico\/"},"modified":"2025-03-27T17:18:22","modified_gmt":"2025-03-27T17:18:22","slug":"sedexpo-2025-recorrio-hoy-en-su-programa-desde-los-incendios-forestales-o-la-dana-hasta-la-seguridad-privada-y-la-lucha-contra-el-narcotrafico","status":"publish","type":"post","link":"https:\/\/www.sedexpo.com\/gl\/sedexpo-2025-recorrio-hoy-en-su-programa-desde-los-incendios-forestales-o-la-dana-hasta-la-seguridad-privada-y-la-lucha-contra-el-narcotrafico\/","title":{"rendered":"Sedexpo 2025 percorreu hoxe no seu programa dende os incendios forestais ou a Dana ata a seguridade privada ou a loita contra o narcotr\u00e1fico"},"content":{"rendered":"<ul>\n<li><strong>AS 387 FIRMAS REPRESENTADAS NO CERTAME CONTIN\u00daAN AMOSANDO AS \u00daLTIMAS INNOVACI\u00d3NS EN SEGURIDADE, DEFENSA E EMERXENCIAS<\/strong><\/li>\n<li><strong>AS PRETO DE 40 CONFERENCIAS IMPARTIDAS EN 17 XORNADAS T\u00c9CNICAS COMPARTIRON HOXE PROTAGONISMO COAS DEMOSTRACI\u00d3NS DE PRODUTOS E SISTEMAS<\/strong><\/li>\n<\/ul>\n<p><strong><em>Silleda, 27 de marzo de 2025.-<\/em><\/strong> A III Feira Internacional de Seguridade, Defensa e Emerxencias, SEDEXPO 2025, a cal se celebra ata ma\u00f1\u00e1 na Feira Internacional de Galicia ABANCA, contin\u00faa conformando un escaparate tanto da innovaci\u00f3n nestes tres sectores como do labor dos seus profesionais. As\u00ed, ademais de mostrar as propostas das 387 firmas representadas na feira, esta volve acoller hoxe un intenso programa de actividades onde destacan preto de corenta conferencias impartidas en 17 xornadas e numerosas demostraci\u00f3ns.<\/p>\n<p>En canto \u00e1s xornadas, deron comezo co simposio Fire Res \u201cIncendios Forestais Extremos\u201d, organizado pola conseller\u00eda do Medio Rural da Xunta de Galicia, no cal se analizaron temas como \u201cSituaci\u00f3ns sin\u00f3pticas com\u00fans nos incendios forestais. Estudo caso pr\u00e1ctico: furac\u00e1n Ophelia, 2017\u201d, \u201cO lume na xesti\u00f3n da paisaxe\u201d, \u201cGrupo Operativo de Apoio e Lox\u00edstica en emerxencias\u201d ou \u201cIncendios forestais extremos\u201d.<\/p>\n<p>Sum\u00e1ronse ao longo do d\u00eda conferencias sobres temas como \u201cQue fai unha Agrupaci\u00f3n de Voluntarios de Protecci\u00f3n Civil\u201d, organizada pola Xunta de Galicia; \u201cPresente e futuro dos drons: conectividade e servizos intelixentes para operaci\u00f3ns altamente aut\u00f3nomas\u201d inclu\u00edda nunha xornada do Polo Aeroespacial de Galicia; \u201cDesminado humanitario no Sahara\u201d, de man da Asociaci\u00f3n de Cooperadores Espa\u00f1ois para o desenvolvemento e desminado do S\u00e1hara (Asadesa), o sistema \u201cHuman External Cargo, con dobre gancho baric\u00e9ntrico. Operaci\u00f3ns Shot Haul\u201d, da Asociaci\u00f3n Espa\u00f1ola de Loita contra o Lume (Aself); \u201cO dron como resposta \u00e1 ameaza terrorista\u201d, por parte da Garda Civil, \u201cA rede de laboratorios e centros demostradores para a investigaci\u00f3n e innovaci\u00f3n en soluci\u00f3ns de ciberseguridade en Galicia\u201d, da Axencia para a Modernizaci\u00f3n Tecnol\u00f3xica de Galicia (Amtega); e tam\u00e9n un encontro sobre seguridade privada, centrado no futuro da seguridade privada e o valor do efectivo, de Ftsp-Uso.<\/p>\n<p>As\u00ed mesmo, desenvolveuse a xornada \u201cCecop: coordinaci\u00f3n e direcci\u00f3n de operaci\u00f3ns de loita contra o narcotr\u00e1fico en espazos mar\u00edtimos\u201d, organizada por Vixilancia Aduaneira da Axencia Estatal de Administraci\u00f3n Tributaria (Aeat), entidade que tam\u00e9n desprazou ao recinto o seu novo helic\u00f3ptero empregado para a loita contra o narcotr\u00e1fico e vixilancia aduaneira. E a\u00ednda distintas empresas levaron a cabo conferencias como \u201cCiberseguridade en redes de control industrial\u201d ou \u201cDrons: unha ferramenta clave na loita antiterrorista?\u201d.<\/p>\n<p><strong>A Dana de Valencia<\/strong><\/p>\n<p>A cat\u00e1strofe ambiental da Dana que afectou a Valencia foi hoxe outra das protagonistas da feira en diversas actividades que ademais de abordar este tema puxeron en valor os medios humanos e materiais empregados. As\u00ed, organizada pola Xunta de Galicia, levouse a cabo a presentaci\u00f3n do dispositivo enviado por Galicia \u00e1 Dana de Valencia. Nela participaron o xerente da Axencia Galega de Emerxencias (Axega), Marcos Araujo; o xefe do servizo de Emerxencias en A Coru\u00f1a, V\u00edctor Manuel V\u00e1zquez; o t\u00e9cnico de Operaci\u00f3ns e Lox\u00edstica GALI, Jos\u00e9 Antonio Argibay; o xefe do Servizo Municipal de Protecci\u00f3n Civil de Cangas do Morrazo, Ces\u00e1reo Coya; o presidente da Agrupaci\u00f3n de Voluntario de Protecci\u00f3n Civil de Valga, Jos\u00e9 Manuel Otero; o xefe do servizo de prevenci\u00f3n de Incendios Forestais de Pontevedra, Manuel Francisco Guti\u00e9rrez; e o inspector da Unidade de Polic\u00eda Adscrita de Galicia (UPA Galicia) e xefe do Equipo de Resposta Policial (ERPOL), C\u00e9sar Ramos. Ademais, celebrouse unha xornada centrada en \u201cRelatorios do dispositivo enviado por Galicia na Dana de Valencia. Experiencias dos voluntarios\/as na Dana de Valencia e nas inundaci\u00f3ns en Galicia\u201d.<\/p>\n<p>Ademais, de man da Xunta de Galicia e a Asociaci\u00f3n Profesional de T\u00e9cnicos de Bombeiros de Galicia (APTB) realizouse unha xornada centrada en \u201cExperiencias dos parques de bombeiros na Dana de Valencia\u201d.<\/p>\n<p><strong>Demostraci\u00f3ns e exhibici\u00f3ns<\/strong><\/p>\n<p>Tam\u00e9n continuaron hoxe as demostraci\u00f3ns. Entre elas, de simuladores centrados en emerxencias e evacuaci\u00f3n para traballar a prevenci\u00f3n activa do persoal aerotransportado ou de pr\u00e1cticas extremas de alto estr\u00e9s en tiro que permite que as forzas da orde e de seguridade se adestren en escenarios din\u00e1micos baseados en IA, e tam\u00e9n de sistemas de ciberseguridade, drons, maquinaria ou compostos de fibra que absorben derrames de hidrocarburos en auga e en terra.<\/p>\n<p>Ademais, hoxe un\u00edronse neste programa a presentaci\u00f3n e exhibici\u00f3n \u201cIntervenci\u00f3n asistida con cans: a polic\u00eda municipal de Sabadell ao servizo da comunidade\u201d<\/p>\n<p><strong>Ma\u00f1\u00e1, dous espectaculares simulacros<\/strong><\/p>\n<p>Ma\u00f1\u00e1 continuar\u00e1n as demostraci\u00f3ns e simulacros. Entre estes \u00faltimos destacar\u00e1n dous. Un deles consistir\u00e1 nunha resposta coordinada de varias unidades da Garda Civil a unha ameaza terrorista, coa participaci\u00f3n de numerosos medios, entre eles un helic\u00f3ptero, a unidade canina ou os especialistas en desactivaci\u00f3n de explosivos Tedax. O outro ser\u00e1 un simulacro multidisciplinar xestionado en Posto de Mando Avanzado (PMA) da Axencia Galega de Emerxencias (AXEGA) mediante m\u00e9todo GOM (Xesti\u00f3n Operativo de Mando) e presentaci\u00f3n do sistema de dron cativo e comunicaci\u00f3n multiplataforma desde PMA, organizado pola Xunta de Galicia.<\/p>\n<p>Esta terceira edici\u00f3n de Sedexpo pechar\u00e1 ma\u00f1\u00e1 as s\u00faas portas no recinto Feira Internacional de Galicia ABANCA \u00e1s 15.00 horas.<\/p>\n<p><a href=\"https:\/\/photos.app.goo.gl\/33Sf19rwov9nWiSS7\" target=\"_blank\" rel=\"noopener\"><strong>&gt;&gt;&gt; M\u00e1is fotos de Sedexpo<\/strong><\/a><\/p>\n","protected":false},"excerpt":{"rendered":"<p>AS 387 FIRMAS REPRESENTADAS NO CERTAME CONTIN\u00daAN AMOSANDO AS \u00daLTIMAS INNOVACI\u00d3NS EN SEGURIDADE, DEFENSA E EMERXENCIAS AS PRETO DE 40 CONFERENCIAS IMPARTIDAS EN 17 XORNADAS T\u00c9CNICAS COMPARTIRON HOXE PROTAGONISMO COAS DEMOSTRACI\u00d3NS DE PRODUTOS E SISTEMAS Silleda, 27 de marzo de 2025.- A III Feira Internacional de Seguridade, Defensa e Emerxencias, SEDEXPO 2025, a cal se &#8230; <a title=\"Sedexpo 2025 percorreu hoxe no seu programa dende os incendios forestais ou a Dana ata a seguridade privada ou a loita contra o narcotr\u00e1fico\" class=\"read-more\" href=\"https:\/\/www.sedexpo.com\/gl\/sedexpo-2025-recorrio-hoy-en-su-programa-desde-los-incendios-forestales-o-la-dana-hasta-la-seguridad-privada-y-la-lucha-contra-el-narcotrafico\/\" aria-label=\"M\u00e1is en Sedexpo 2025 percorreu hoxe no seu programa dende os incendios forestais ou a Dana ata a seguridade privada ou a loita contra o narcotr\u00e1fico\">Ler m\u00e1is<\/a><\/p>\n","protected":false},"author":1,"featured_media":4103,"comment_status":"closed","ping_status":"closed","sticky":false,"template":"","format":"standard","meta":{"footnotes":""},"categories":[18],"tags":[],"class_list":["post-4108","post","type-post","status-publish","format-standard","has-post-thumbnail","hentry","category-uncategorized-gl"],"acf":[],"yoast_head":"<!-- This site is optimized with the Yoast SEO plugin v18.1 - https:\/\/yoast.com\/wordpress\/plugins\/seo\/ -->\n<title>Sedexpo 2025 percorreu hoxe no seu programa dende os incendios forestais ou a Dana ata a seguridade privada ou a loita contra o narcotr\u00e1fico - SEDEXPO<\/title>\n<meta name=\"robots\" content=\"index, follow, max-snippet:-1, max-image-preview:large, max-video-preview:-1\" \/>\n<link rel=\"canonical\" href=\"https:\/\/www.sedexpo.com\/gl\/sedexpo-2025-recorrio-hoy-en-su-programa-desde-los-incendios-forestales-o-la-dana-hasta-la-seguridad-privada-y-la-lucha-contra-el-narcotrafico\/\" \/>\n<meta property=\"og:locale\" content=\"gl_ES\" \/>\n<meta property=\"og:type\" content=\"article\" \/>\n<meta property=\"og:title\" content=\"Sedexpo 2025 percorreu hoxe no seu programa dende os incendios forestais ou a Dana ata a seguridade privada ou a loita contra o narcotr\u00e1fico - SEDEXPO\" \/>\n<meta property=\"og:description\" content=\"AS 387 FIRMAS REPRESENTADAS NO CERTAME CONTIN\u00daAN AMOSANDO AS \u00daLTIMAS INNOVACI\u00d3NS EN SEGURIDADE, DEFENSA E EMERXENCIAS AS PRETO DE 40 CONFERENCIAS IMPARTIDAS EN 17 XORNADAS T\u00c9CNICAS COMPARTIRON HOXE PROTAGONISMO COAS DEMOSTRACI\u00d3NS DE PRODUTOS E SISTEMAS Silleda, 27 de marzo de 2025.- A III Feira Internacional de Seguridade, Defensa e Emerxencias, SEDEXPO 2025, a cal se ... Ler m\u00e1is\" \/>\n<meta property=\"og:url\" content=\"https:\/\/www.sedexpo.com\/gl\/sedexpo-2025-recorrio-hoy-en-su-programa-desde-los-incendios-forestales-o-la-dana-hasta-la-seguridad-privada-y-la-lucha-contra-el-narcotrafico\/\" \/>\n<meta property=\"og:site_name\" content=\"SEDEXPO\" \/>\n<meta property=\"article:publisher\" content=\"https:\/\/www.facebook.com\/feriaSEDEXPO\" \/>\n<meta property=\"article:published_time\" content=\"2025-03-27T17:16:58+00:00\" \/>\n<meta property=\"article:modified_time\" content=\"2025-03-27T17:18:22+00:00\" \/>\n<meta property=\"og:image\" content=\"https:\/\/www.sedexpo.com\/wp-content\/uploads\/2025\/03\/Helicoptero-do-servizo-de-Vixilancia-Aduaneira-da-AEAT-aterrando-hoxe-en-Sedexpo-2025-scaled.jpg\" \/>\n\t<meta property=\"og:image:width\" content=\"2560\" \/>\n\t<meta property=\"og:image:height\" content=\"1441\" \/>\n\t<meta property=\"og:image:type\" content=\"image\/jpeg\" \/>\n<meta name=\"twitter:card\" content=\"summary_large_image\" \/>\n<meta name=\"twitter:creator\" content=\"@feriasedexpo\" \/>\n<meta name=\"twitter:site\" content=\"@feriasedexpo\" \/>\n<meta name=\"twitter:label1\" content=\"Escrito por\" \/>\n\t<meta name=\"twitter:data1\" content=\"admin@SedExpo\" \/>\n\t<meta name=\"twitter:label2\" content=\"Tempo de lectura\" \/>\n\t<meta name=\"twitter:data2\" content=\"5 minutos\" \/>\n<script type=\"application\/ld+json\" class=\"yoast-schema-graph\">{\"@context\":\"https:\/\/schema.org\",\"@graph\":[{\"@type\":\"Organization\",\"@id\":\"https:\/\/www.sedexpo.com\/gl\/#organization\",\"name\":\"SEDEXPO\",\"url\":\"https:\/\/www.sedexpo.com\/gl\/\",\"sameAs\":[\"https:\/\/www.facebook.com\/feriaSEDEXPO\",\"https:\/\/es.linkedin.com\/company\/sedexpo\",\"https:\/\/twitter.com\/feriasedexpo\"],\"logo\":{\"@type\":\"ImageObject\",\"@id\":\"https:\/\/www.sedexpo.com\/gl\/#logo\",\"inLanguage\":\"gl-ES\",\"url\":\"https:\/\/www.sedexpo.com\/wp-content\/uploads\/2022\/02\/sedexpo-logo.png\",\"contentUrl\":\"https:\/\/www.sedexpo.com\/wp-content\/uploads\/2022\/02\/sedexpo-logo.png\",\"width\":556,\"height\":556,\"caption\":\"SEDEXPO\"},\"image\":{\"@id\":\"https:\/\/www.sedexpo.com\/gl\/#logo\"}},{\"@type\":\"WebSite\",\"@id\":\"https:\/\/www.sedexpo.com\/gl\/#website\",\"url\":\"https:\/\/www.sedexpo.com\/gl\/\",\"name\":\"SEDEXPO\",\"description\":\"Feria Internacional de Seguridad, Defensa y Emergencias.\",\"publisher\":{\"@id\":\"https:\/\/www.sedexpo.com\/gl\/#organization\"},\"potentialAction\":[{\"@type\":\"SearchAction\",\"target\":{\"@type\":\"EntryPoint\",\"urlTemplate\":\"https:\/\/www.sedexpo.com\/gl\/?s={search_term_string}\"},\"query-input\":\"required name=search_term_string\"}],\"inLanguage\":\"gl-ES\"},{\"@type\":\"ImageObject\",\"@id\":\"https:\/\/www.sedexpo.com\/gl\/sedexpo-2025-recorrio-hoy-en-su-programa-desde-los-incendios-forestales-o-la-dana-hasta-la-seguridad-privada-y-la-lucha-contra-el-narcotrafico\/#primaryimage\",\"inLanguage\":\"gl-ES\",\"url\":\"https:\/\/www.sedexpo.com\/wp-content\/uploads\/2025\/03\/Helicoptero-do-servizo-de-Vixilancia-Aduaneira-da-AEAT-aterrando-hoxe-en-Sedexpo-2025-scaled.jpg\",\"contentUrl\":\"https:\/\/www.sedexpo.com\/wp-content\/uploads\/2025\/03\/Helicoptero-do-servizo-de-Vixilancia-Aduaneira-da-AEAT-aterrando-hoxe-en-Sedexpo-2025-scaled.jpg\",\"width\":2560,\"height\":1441},{\"@type\":\"WebPage\",\"@id\":\"https:\/\/www.sedexpo.com\/gl\/sedexpo-2025-recorrio-hoy-en-su-programa-desde-los-incendios-forestales-o-la-dana-hasta-la-seguridad-privada-y-la-lucha-contra-el-narcotrafico\/#webpage\",\"url\":\"https:\/\/www.sedexpo.com\/gl\/sedexpo-2025-recorrio-hoy-en-su-programa-desde-los-incendios-forestales-o-la-dana-hasta-la-seguridad-privada-y-la-lucha-contra-el-narcotrafico\/\",\"name\":\"Sedexpo 2025 percorreu hoxe no seu programa dende os incendios forestais ou a Dana ata a seguridade privada ou a loita contra o narcotr\u00e1fico - SEDEXPO\",\"isPartOf\":{\"@id\":\"https:\/\/www.sedexpo.com\/gl\/#website\"},\"primaryImageOfPage\":{\"@id\":\"https:\/\/www.sedexpo.com\/gl\/sedexpo-2025-recorrio-hoy-en-su-programa-desde-los-incendios-forestales-o-la-dana-hasta-la-seguridad-privada-y-la-lucha-contra-el-narcotrafico\/#primaryimage\"},\"datePublished\":\"2025-03-27T17:16:58+00:00\",\"dateModified\":\"2025-03-27T17:18:22+00:00\",\"breadcrumb\":{\"@id\":\"https:\/\/www.sedexpo.com\/gl\/sedexpo-2025-recorrio-hoy-en-su-programa-desde-los-incendios-forestales-o-la-dana-hasta-la-seguridad-privada-y-la-lucha-contra-el-narcotrafico\/#breadcrumb\"},\"inLanguage\":\"gl-ES\",\"potentialAction\":[{\"@type\":\"ReadAction\",\"target\":[\"https:\/\/www.sedexpo.com\/gl\/sedexpo-2025-recorrio-hoy-en-su-programa-desde-los-incendios-forestales-o-la-dana-hasta-la-seguridad-privada-y-la-lucha-contra-el-narcotrafico\/\"]}]},{\"@type\":\"BreadcrumbList\",\"@id\":\"https:\/\/www.sedexpo.com\/gl\/sedexpo-2025-recorrio-hoy-en-su-programa-desde-los-incendios-forestales-o-la-dana-hasta-la-seguridad-privada-y-la-lucha-contra-el-narcotrafico\/#breadcrumb\",\"itemListElement\":[{\"@type\":\"ListItem\",\"position\":1,\"name\":\"Portada\",\"item\":\"https:\/\/www.sedexpo.com\/gl\/\"},{\"@type\":\"ListItem\",\"position\":2,\"name\":\"Sedexpo 2025 percorreu hoxe no seu programa dende os incendios forestais ou a Dana ata a seguridade privada ou a loita contra o narcotr\u00e1fico\"}]},{\"@type\":\"Article\",\"@id\":\"https:\/\/www.sedexpo.com\/gl\/sedexpo-2025-recorrio-hoy-en-su-programa-desde-los-incendios-forestales-o-la-dana-hasta-la-seguridad-privada-y-la-lucha-contra-el-narcotrafico\/#article\",\"isPartOf\":{\"@id\":\"https:\/\/www.sedexpo.com\/gl\/sedexpo-2025-recorrio-hoy-en-su-programa-desde-los-incendios-forestales-o-la-dana-hasta-la-seguridad-privada-y-la-lucha-contra-el-narcotrafico\/#webpage\"},\"author\":{\"@id\":\"https:\/\/www.sedexpo.com\/gl\/#\/schema\/person\/1fc7315d6712a25472b2c1ce06566872\"},\"headline\":\"Sedexpo 2025 percorreu hoxe no seu programa dende os incendios forestais ou a Dana ata a seguridade privada ou a loita contra o narcotr\u00e1fico\",\"datePublished\":\"2025-03-27T17:16:58+00:00\",\"dateModified\":\"2025-03-27T17:18:22+00:00\",\"mainEntityOfPage\":{\"@id\":\"https:\/\/www.sedexpo.com\/gl\/sedexpo-2025-recorrio-hoy-en-su-programa-desde-los-incendios-forestales-o-la-dana-hasta-la-seguridad-privada-y-la-lucha-contra-el-narcotrafico\/#webpage\"},\"wordCount\":928,\"publisher\":{\"@id\":\"https:\/\/www.sedexpo.com\/gl\/#organization\"},\"image\":{\"@id\":\"https:\/\/www.sedexpo.com\/gl\/sedexpo-2025-recorrio-hoy-en-su-programa-desde-los-incendios-forestales-o-la-dana-hasta-la-seguridad-privada-y-la-lucha-contra-el-narcotrafico\/#primaryimage\"},\"thumbnailUrl\":\"https:\/\/www.sedexpo.com\/wp-content\/uploads\/2025\/03\/Helicoptero-do-servizo-de-Vixilancia-Aduaneira-da-AEAT-aterrando-hoxe-en-Sedexpo-2025-scaled.jpg\",\"articleSection\":[\"Uncategorized @gl\"],\"inLanguage\":\"gl-ES\"},{\"@type\":\"Person\",\"@id\":\"https:\/\/www.sedexpo.com\/gl\/#\/schema\/person\/1fc7315d6712a25472b2c1ce06566872\",\"name\":\"admin@SedExpo\",\"image\":{\"@type\":\"ImageObject\",\"@id\":\"https:\/\/www.sedexpo.com\/gl\/#personlogo\",\"inLanguage\":\"gl-ES\",\"url\":\"https:\/\/secure.gravatar.com\/avatar\/2aee3a429c5c84b2486f82e4bb736b27e478d3632de0946f5aba7087273fe2cb?s=96&d=mm&r=g\",\"contentUrl\":\"https:\/\/secure.gravatar.com\/avatar\/2aee3a429c5c84b2486f82e4bb736b27e478d3632de0946f5aba7087273fe2cb?s=96&d=mm&r=g\",\"caption\":\"admin@SedExpo\"},\"sameAs\":[\"https:\/\/sedexpo.com\"],\"url\":\"https:\/\/www.sedexpo.com\/gl\/author\/adminsedexpo\/\"}]}<\/script>\n<!-- \/ Yoast SEO plugin. -->","yoast_head_json":{"title":"Sedexpo 2025 percorreu hoxe no seu programa dende os incendios forestais ou a Dana ata a seguridade privada ou a loita contra o narcotr\u00e1fico - SEDEXPO","robots":{"index":"index","follow":"follow","max-snippet":"max-snippet:-1","max-image-preview":"max-image-preview:large","max-video-preview":"max-video-preview:-1"},"canonical":"https:\/\/www.sedexpo.com\/gl\/sedexpo-2025-recorrio-hoy-en-su-programa-desde-los-incendios-forestales-o-la-dana-hasta-la-seguridad-privada-y-la-lucha-contra-el-narcotrafico\/","og_locale":"gl_ES","og_type":"article","og_title":"Sedexpo 2025 percorreu hoxe no seu programa dende os incendios forestais ou a Dana ata a seguridade privada ou a loita contra o narcotr\u00e1fico - SEDEXPO","og_description":"AS 387 FIRMAS REPRESENTADAS NO CERTAME CONTIN\u00daAN AMOSANDO AS \u00daLTIMAS INNOVACI\u00d3NS EN SEGURIDADE, DEFENSA E EMERXENCIAS AS PRETO DE 40 CONFERENCIAS IMPARTIDAS EN 17 XORNADAS T\u00c9CNICAS COMPARTIRON HOXE PROTAGONISMO COAS DEMOSTRACI\u00d3NS DE PRODUTOS E SISTEMAS Silleda, 27 de marzo de 2025.- A III Feira Internacional de Seguridade, Defensa e Emerxencias, SEDEXPO 2025, a cal se ... Ler m\u00e1is","og_url":"https:\/\/www.sedexpo.com\/gl\/sedexpo-2025-recorrio-hoy-en-su-programa-desde-los-incendios-forestales-o-la-dana-hasta-la-seguridad-privada-y-la-lucha-contra-el-narcotrafico\/","og_site_name":"SEDEXPO","article_publisher":"https:\/\/www.facebook.com\/feriaSEDEXPO","article_published_time":"2025-03-27T17:16:58+00:00","article_modified_time":"2025-03-27T17:18:22+00:00","og_image":[{"width":2560,"height":1441,"url":"https:\/\/www.sedexpo.com\/wp-content\/uploads\/2025\/03\/Helicoptero-do-servizo-de-Vixilancia-Aduaneira-da-AEAT-aterrando-hoxe-en-Sedexpo-2025-scaled.jpg","type":"image\/jpeg"}],"twitter_card":"summary_large_image","twitter_creator":"@feriasedexpo","twitter_site":"@feriasedexpo","twitter_misc":{"Escrito por":"admin@SedExpo","Tempo de lectura":"5 minutos"},"schema":{"@context":"https:\/\/schema.org","@graph":[{"@type":"Organization","@id":"https:\/\/www.sedexpo.com\/gl\/#organization","name":"SEDEXPO","url":"https:\/\/www.sedexpo.com\/gl\/","sameAs":["https:\/\/www.facebook.com\/feriaSEDEXPO","https:\/\/es.linkedin.com\/company\/sedexpo","https:\/\/twitter.com\/feriasedexpo"],"logo":{"@type":"ImageObject","@id":"https:\/\/www.sedexpo.com\/gl\/#logo","inLanguage":"gl-ES","url":"https:\/\/www.sedexpo.com\/wp-content\/uploads\/2022\/02\/sedexpo-logo.png","contentUrl":"https:\/\/www.sedexpo.com\/wp-content\/uploads\/2022\/02\/sedexpo-logo.png","width":556,"height":556,"caption":"SEDEXPO"},"image":{"@id":"https:\/\/www.sedexpo.com\/gl\/#logo"}},{"@type":"WebSite","@id":"https:\/\/www.sedexpo.com\/gl\/#website","url":"https:\/\/www.sedexpo.com\/gl\/","name":"SEDEXPO","description":"Feria Internacional de Seguridad, Defensa y Emergencias.","publisher":{"@id":"https:\/\/www.sedexpo.com\/gl\/#organization"},"potentialAction":[{"@type":"SearchAction","target":{"@type":"EntryPoint","urlTemplate":"https:\/\/www.sedexpo.com\/gl\/?s={search_term_string}"},"query-input":"required name=search_term_string"}],"inLanguage":"gl-ES"},{"@type":"ImageObject","@id":"https:\/\/www.sedexpo.com\/gl\/sedexpo-2025-recorrio-hoy-en-su-programa-desde-los-incendios-forestales-o-la-dana-hasta-la-seguridad-privada-y-la-lucha-contra-el-narcotrafico\/#primaryimage","inLanguage":"gl-ES","url":"https:\/\/www.sedexpo.com\/wp-content\/uploads\/2025\/03\/Helicoptero-do-servizo-de-Vixilancia-Aduaneira-da-AEAT-aterrando-hoxe-en-Sedexpo-2025-scaled.jpg","contentUrl":"https:\/\/www.sedexpo.com\/wp-content\/uploads\/2025\/03\/Helicoptero-do-servizo-de-Vixilancia-Aduaneira-da-AEAT-aterrando-hoxe-en-Sedexpo-2025-scaled.jpg","width":2560,"height":1441},{"@type":"WebPage","@id":"https:\/\/www.sedexpo.com\/gl\/sedexpo-2025-recorrio-hoy-en-su-programa-desde-los-incendios-forestales-o-la-dana-hasta-la-seguridad-privada-y-la-lucha-contra-el-narcotrafico\/#webpage","url":"https:\/\/www.sedexpo.com\/gl\/sedexpo-2025-recorrio-hoy-en-su-programa-desde-los-incendios-forestales-o-la-dana-hasta-la-seguridad-privada-y-la-lucha-contra-el-narcotrafico\/","name":"Sedexpo 2025 percorreu hoxe no seu programa dende os incendios forestais ou a Dana ata a seguridade privada ou a loita contra o narcotr\u00e1fico - SEDEXPO","isPartOf":{"@id":"https:\/\/www.sedexpo.com\/gl\/#website"},"primaryImageOfPage":{"@id":"https:\/\/www.sedexpo.com\/gl\/sedexpo-2025-recorrio-hoy-en-su-programa-desde-los-incendios-forestales-o-la-dana-hasta-la-seguridad-privada-y-la-lucha-contra-el-narcotrafico\/#primaryimage"},"datePublished":"2025-03-27T17:16:58+00:00","dateModified":"2025-03-27T17:18:22+00:00","breadcrumb":{"@id":"https:\/\/www.sedexpo.com\/gl\/sedexpo-2025-recorrio-hoy-en-su-programa-desde-los-incendios-forestales-o-la-dana-hasta-la-seguridad-privada-y-la-lucha-contra-el-narcotrafico\/#breadcrumb"},"inLanguage":"gl-ES","potentialAction":[{"@type":"ReadAction","target":["https:\/\/www.sedexpo.com\/gl\/sedexpo-2025-recorrio-hoy-en-su-programa-desde-los-incendios-forestales-o-la-dana-hasta-la-seguridad-privada-y-la-lucha-contra-el-narcotrafico\/"]}]},{"@type":"BreadcrumbList","@id":"https:\/\/www.sedexpo.com\/gl\/sedexpo-2025-recorrio-hoy-en-su-programa-desde-los-incendios-forestales-o-la-dana-hasta-la-seguridad-privada-y-la-lucha-contra-el-narcotrafico\/#breadcrumb","itemListElement":[{"@type":"ListItem","position":1,"name":"Portada","item":"https:\/\/www.sedexpo.com\/gl\/"},{"@type":"ListItem","position":2,"name":"Sedexpo 2025 percorreu hoxe no seu programa dende os incendios forestais ou a Dana ata a seguridade privada ou a loita contra o narcotr\u00e1fico"}]},{"@type":"Article","@id":"https:\/\/www.sedexpo.com\/gl\/sedexpo-2025-recorrio-hoy-en-su-programa-desde-los-incendios-forestales-o-la-dana-hasta-la-seguridad-privada-y-la-lucha-contra-el-narcotrafico\/#article","isPartOf":{"@id":"https:\/\/www.sedexpo.com\/gl\/sedexpo-2025-recorrio-hoy-en-su-programa-desde-los-incendios-forestales-o-la-dana-hasta-la-seguridad-privada-y-la-lucha-contra-el-narcotrafico\/#webpage"},"author":{"@id":"https:\/\/www.sedexpo.com\/gl\/#\/schema\/person\/1fc7315d6712a25472b2c1ce06566872"},"headline":"Sedexpo 2025 percorreu hoxe no seu programa dende os incendios forestais ou a Dana ata a seguridade privada ou a loita contra o narcotr\u00e1fico","datePublished":"2025-03-27T17:16:58+00:00","dateModified":"2025-03-27T17:18:22+00:00","mainEntityOfPage":{"@id":"https:\/\/www.sedexpo.com\/gl\/sedexpo-2025-recorrio-hoy-en-su-programa-desde-los-incendios-forestales-o-la-dana-hasta-la-seguridad-privada-y-la-lucha-contra-el-narcotrafico\/#webpage"},"wordCount":928,"publisher":{"@id":"https:\/\/www.sedexpo.com\/gl\/#organization"},"image":{"@id":"https:\/\/www.sedexpo.com\/gl\/sedexpo-2025-recorrio-hoy-en-su-programa-desde-los-incendios-forestales-o-la-dana-hasta-la-seguridad-privada-y-la-lucha-contra-el-narcotrafico\/#primaryimage"},"thumbnailUrl":"https:\/\/www.sedexpo.com\/wp-content\/uploads\/2025\/03\/Helicoptero-do-servizo-de-Vixilancia-Aduaneira-da-AEAT-aterrando-hoxe-en-Sedexpo-2025-scaled.jpg","articleSection":["Uncategorized @gl"],"inLanguage":"gl-ES"},{"@type":"Person","@id":"https:\/\/www.sedexpo.com\/gl\/#\/schema\/person\/1fc7315d6712a25472b2c1ce06566872","name":"admin@SedExpo","image":{"@type":"ImageObject","@id":"https:\/\/www.sedexpo.com\/gl\/#personlogo","inLanguage":"gl-ES","url":"https:\/\/secure.gravatar.com\/avatar\/2aee3a429c5c84b2486f82e4bb736b27e478d3632de0946f5aba7087273fe2cb?s=96&d=mm&r=g","contentUrl":"https:\/\/secure.gravatar.com\/avatar\/2aee3a429c5c84b2486f82e4bb736b27e478d3632de0946f5aba7087273fe2cb?s=96&d=mm&r=g","caption":"admin@SedExpo"},"sameAs":["https:\/\/sedexpo.com"],"url":"https:\/\/www.sedexpo.com\/gl\/author\/adminsedexpo\/"}]}},"_links":{"self":[{"href":"https:\/\/www.sedexpo.com\/gl\/wp-json\/wp\/v2\/posts\/4108","targetHints":{"allow":["GET"]}}],"collection":[{"href":"https:\/\/www.sedexpo.com\/gl\/wp-json\/wp\/v2\/posts"}],"about":[{"href":"https:\/\/www.sedexpo.com\/gl\/wp-json\/wp\/v2\/types\/post"}],"author":[{"embeddable":true,"href":"https:\/\/www.sedexpo.com\/gl\/wp-json\/wp\/v2\/users\/1"}],"replies":[{"embeddable":true,"href":"https:\/\/www.sedexpo.com\/gl\/wp-json\/wp\/v2\/comments?post=4108"}],"version-history":[{"count":1,"href":"https:\/\/www.sedexpo.com\/gl\/wp-json\/wp\/v2\/posts\/4108\/revisions"}],"predecessor-version":[{"id":4109,"href":"https:\/\/www.sedexpo.com\/gl\/wp-json\/wp\/v2\/posts\/4108\/revisions\/4109"}],"wp:featuredmedia":[{"embeddable":true,"href":"https:\/\/www.sedexpo.com\/gl\/wp-json\/wp\/v2\/media\/4103"}],"wp:attachment":[{"href":"https:\/\/www.sedexpo.com\/gl\/wp-json\/wp\/v2\/media?parent=4108"}],"wp:term":[{"taxonomy":"category","embeddable":true,"href":"https:\/\/www.sedexpo.com\/gl\/wp-json\/wp\/v2\/categories?post=4108"},{"taxonomy":"post_tag","embeddable":true,"href":"https:\/\/www.sedexpo.com\/gl\/wp-json\/wp\/v2\/tags?post=4108"}],"curies":[{"name":"wp","href":"https:\/\/api.w.org\/{rel}","templated":true}]}}