{"id":4136,"date":"2025-03-28T15:10:29","date_gmt":"2025-03-28T15:10:29","guid":{"rendered":"https:\/\/www.sedexpo.com\/la-feria-de-seguridad-defensa-y-emergencias-sedexpo-2025-recibe-a-mas-de-3-300-visitantes-con-un-perfil-de-gran-calidad\/"},"modified":"2025-03-28T15:12:00","modified_gmt":"2025-03-28T15:12:00","slug":"la-feria-de-seguridad-defensa-y-emergencias-sedexpo-2025-recibe-a-mas-de-3-300-visitantes-con-un-perfil-de-gran-calidad","status":"publish","type":"post","link":"https:\/\/www.sedexpo.com\/gl\/la-feria-de-seguridad-defensa-y-emergencias-sedexpo-2025-recibe-a-mas-de-3-300-visitantes-con-un-perfil-de-gran-calidad\/","title":{"rendered":"A feira de seguridade, defensa e emerxencias Sedexpo 2025 recibe a m\u00e1is de 3.300 visitantes cun perfil de \u201cgran calidade\u201d"},"content":{"rendered":"<ul>\n<li><strong>A MAIOR\u00cdA DE EXPOSITORES DESTACARON NESTA EDICI\u00d3N UN GRAN NIVEL NO PERFIL DOS VISITANTES POLA S\u00daA CAPACIDADE DE DECISI\u00d3N NO PROCESO DE COMPRA, INCLU\u00cdNDOSE ENTRE ELES RESPONSABLES DE DISTINTAS ADMINISTRACI\u00d3NS, SERVIZOS DE EMERXENCIAS E CORPOS DE SEGURIDADE DO ESTADO E TAM\u00c9N DE IMPORTANTES EMPRESAS DE DIVERSOS SECTORES<\/strong><\/li>\n<li><strong>ESTA TERCEIRA EDICI\u00d3N MOSTROU DENDE O PASADO M\u00c9RCOLES AS PROPOSTAS DE 387 FIRMAS, UN 71% M\u00c1IS QUE NA ANTERIOR CITA<\/strong><\/li>\n<\/ul>\n<p><strong><em>Silleda, 28 de marzo de 2025.- <\/em><\/strong>A III Feira Internacional de Seguridade, Defensa e Emerxencias, SEDEXPO 2025, pechou hoxe as s\u00faas portas na Feira Internacional de Galicia ABANCA tras converterse dende o pasado m\u00e9rcores nun escaparate tanto das innovaci\u00f3ns nestes tres sectores sin\u00e9rxicos como da labor e capacidades dos servizos de Emerxencias e as Forzas e Corpos de Seguridade do Estado.<\/p>\n<p>Durante estes d\u00edas o recinto recibiu a 3.346 visitantes. Asistentes que se corresponderon na s\u00faa inmensa maior\u00eda con profesionais dos sectores implicados procedentes de distintos puntos de Espa\u00f1a e Portugal e que puideron co\u00f1ecer as propostas de 387 firmas de 38 pa\u00edses, un 71% m\u00e1is que na pasada convocatoria, representadas por 99 expositores directos de oito pa\u00edses, un 19,2% m\u00e1is. Ocuparon unha superficie neta de 4.016 metros cadrados, un 11% m\u00e1is.<\/p>\n<p>Estes expositores trasladaron de forma xeneralizada \u00e1 organizaci\u00f3n a s\u00faa satisfacci\u00f3n polos resultados, especialmente porque constataron nesta edici\u00f3n unha \u201cgran calidade\u201d no perfil dos visitantes en canto \u00e1 s\u00faa capacidade de decisi\u00f3n no proceso de compra, inclu\u00edndose entre eles responsables tanto de diversas Administraci\u00f3ns e distintos servizos de emerxencias e Corpos de Seguridade do Estado como de importantes empresas de diversos sectores en busca de propostas en seguridade. Ademais, estes d\u00edas visitaron a feira empresas que expresaron a s\u00faa intenci\u00f3n de participar na pr\u00f3xima edici\u00f3n. Unha cita que, pola actual situaci\u00f3n xeopol\u00edtica, cabe supo\u00f1er que te\u00f1a un notable desenvolvemento e implicaci\u00f3n por parte de todas as Administraci\u00f3ns.<\/p>\n<p>A feira contou co apoio dunha vintena de colectivos, entidades e departamentos da Xunta de Galicia e da Administraci\u00f3n Central. Ademais de inaugurarse o evento coa participaci\u00f3n do conselleiro de Presidencia, Xustiza e Deportes da Xunta de Galicia, Diego Calvo, e o conselleiro do Mar, Alfonso Villares, Sedexpo contou coa presenza de distintos directores xerais da Xunta. Entre eles, acudiu os dous primeiros d\u00edas o director xeral de Defensa do Monte, Manuel Rodr\u00edguez, e hoxe estiveron presentes o director xeral de Emerxencias e Interior, Santiago Villanueva; a directora xeral de Estratexia Industrial e Solo Empresarial, Margarita Ardao; quen repetiu visita, e o xerente da Axencia Galega de Emerxencias (Axega), Marcos Ara\u00fajo, presente todos os d\u00edas do certame. Tam\u00e9n o subdelegado do Goberno en Pontevedra, Abel Losada, acudiu esta ma\u00f1\u00e1 \u00e1 feira e ao acto de apertura do I Foro AJDSE da Seguridade Privada en Galicia, clausurado por Santiago Villanueva.<\/p>\n<p><strong>Un atractivo programa<\/strong><strong><em>\u00a0<\/em><\/strong><\/p>\n<p>O programa de Sedexpo 2025 destacou tanto pola categor\u00eda das s\u00faas xornadas como polas s\u00faas magn\u00edficas demostraci\u00f3ns e simulacros. En canto \u00e1s primeiras, foron m\u00e1is de trinta e inclu\u00edron 50 conferencias impartidas por un centenar de expertos.<\/p>\n<p>Os dous primeiros d\u00edas celebr\u00e1ronse xornadas de seguridade sobre temas como a rede de laboratorios e centros demostradores para a investigaci\u00f3n e innovaci\u00f3n en soluci\u00f3ns de ciberseguridade en Galicia, desminado humanitario no S\u00e1hara, futuro da seguridade privada, ciberseguridade ou operaci\u00f3ns de loita contra o narcotr\u00e1fico en espazos mar\u00edtimos. En emerxencias analiz\u00e1ronse aspectos como a resposta ante a contaminaci\u00f3n mari\u00f1a accidental en Galicia: o plan Camgal e o servizo p\u00fablico de Gardacostas de Galicia, presentaci\u00f3n do dispositivo enviado por Galicia na Dana de Valencia ou o work-shop e simposio Fire Res, centrados en \u201cInterface Rural\u201d e \u201cIncendios forestais extremos\u201d. As\u00ed mesmo, o sector aeroespacial e drons expuxo aspectos como o dron como resposta \u00e1 ameaza terrorista ou drons e escoltas: futuro da protecci\u00f3n persoal e a seguridade.<\/p>\n<p>En canto ao d\u00eda de hoxe, as conferencias abordaron aspectos como plans de emerxencias de encoros, comunicaci\u00f3ns en situaci\u00f3ns de emerxencia e tecnolox\u00eda Es-Alert, a intervenci\u00f3n en emerxencias mediante o emprego de medio non tripulado da Unidade de Drons da UME (Udrume), seguridade privada en Galicia ou Bfaero: o despegamento da Galicia aeroespacial.<\/p>\n<p>Ademais das conferencias, outra dos sinais de identidade da feira foron novamente as demostraci\u00f3ns. Varias delas centr\u00e1ronse en simuladores de emerxencias e evacuaci\u00f3n para traballar a prevenci\u00f3n activa do persoal aerotransportado e de pr\u00e1cticas extremas de alto estr\u00e9s en tiro. Ademais, houbo obradoiros, como o de soporte vital b\u00e1sico e desfibrilaci\u00f3n autom\u00e1tica e exhibici\u00f3ns de sistemas de ciberseguridade, drons ou compostos de fibra que absorben derrames de hidrocarburos en auga e en terra.<\/p>\n<p><strong>Peche con dous magn\u00edficos simulacros<\/strong><\/p>\n<p>Sedexpo pechou hoxe con dous rechamantes simulacros. O primeiro deles, protagonizado pola Garda Civil, consistiu na resposta coordinada de varias unidades a unha ameaza terrorista con intervenci\u00f3n de unidades como o GRS (Grupo de Reserva e Seguridade), a Agrupaci\u00f3n de Tr\u00e1fico, t\u00e9cnicos en desactivaci\u00f3n de explosivos Tedax, Unidade de Helic\u00f3pteros ou Grupo Cinol\u00f3xico cos seus cans.<\/p>\n<p>O outro foi un simulacro multidisciplinar xestionado en Posto de Mando Avanzado (PMA) da Axencia Galega de Emerxencias (AXEGA) mediante m\u00e9todo GOM (Xesti\u00f3n Operativo de Mando) e presentaci\u00f3n do sistema de dron cativo e comunicaci\u00f3n multiplataforma desde PMA, organizado pola Xunta de Galicia.<\/p>\n<p><a href=\"https:\/\/photos.app.goo.gl\/33Sf19rwov9nWiSS7\" target=\"_blank\" rel=\"noopener\"><strong>&gt;&gt;&gt; M\u00e1is fotos de Sedexpo<\/strong><\/a><\/p>\n","protected":false},"excerpt":{"rendered":"<p>A MAIOR\u00cdA DE EXPOSITORES DESTACARON NESTA EDICI\u00d3N UN GRAN NIVEL NO PERFIL DOS VISITANTES POLA S\u00daA CAPACIDADE DE DECISI\u00d3N NO PROCESO DE COMPRA, INCLU\u00cdNDOSE ENTRE ELES RESPONSABLES DE DISTINTAS ADMINISTRACI\u00d3NS, SERVIZOS DE EMERXENCIAS E CORPOS DE SEGURIDADE DO ESTADO E TAM\u00c9N DE IMPORTANTES EMPRESAS DE DIVERSOS SECTORES ESTA TERCEIRA EDICI\u00d3N MOSTROU DENDE O PASADO M\u00c9RCOLES &#8230; <a title=\"A feira de seguridade, defensa e emerxencias Sedexpo 2025 recibe a m\u00e1is de 3.300 visitantes cun perfil de \u201cgran calidade\u201d\" class=\"read-more\" href=\"https:\/\/www.sedexpo.com\/gl\/la-feria-de-seguridad-defensa-y-emergencias-sedexpo-2025-recibe-a-mas-de-3-300-visitantes-con-un-perfil-de-gran-calidad\/\" aria-label=\"M\u00e1is en A feira de seguridade, defensa e emerxencias Sedexpo 2025 recibe a m\u00e1is de 3.300 visitantes cun perfil de \u201cgran calidade\u201d\">Ler m\u00e1is<\/a><\/p>\n","protected":false},"author":1,"featured_media":4134,"comment_status":"closed","ping_status":"closed","sticky":false,"template":"","format":"standard","meta":{"footnotes":""},"categories":[18],"tags":[],"class_list":["post-4136","post","type-post","status-publish","format-standard","has-post-thumbnail","hentry","category-uncategorized-gl"],"acf":[],"yoast_head":"<!-- This site is optimized with the Yoast SEO plugin v18.1 - https:\/\/yoast.com\/wordpress\/plugins\/seo\/ -->\n<title>A feira de seguridade, defensa e emerxencias Sedexpo 2025 recibe a m\u00e1is de 3.300 visitantes cun perfil de \u201cgran calidade\u201d - SEDEXPO<\/title>\n<meta name=\"robots\" content=\"index, follow, max-snippet:-1, max-image-preview:large, max-video-preview:-1\" \/>\n<link rel=\"canonical\" href=\"https:\/\/www.sedexpo.com\/gl\/la-feria-de-seguridad-defensa-y-emergencias-sedexpo-2025-recibe-a-mas-de-3-300-visitantes-con-un-perfil-de-gran-calidad\/\" \/>\n<meta property=\"og:locale\" content=\"gl_ES\" \/>\n<meta property=\"og:type\" content=\"article\" \/>\n<meta property=\"og:title\" content=\"A feira de seguridade, defensa e emerxencias Sedexpo 2025 recibe a m\u00e1is de 3.300 visitantes cun perfil de \u201cgran calidade\u201d - SEDEXPO\" \/>\n<meta property=\"og:description\" content=\"A MAIOR\u00cdA DE EXPOSITORES DESTACARON NESTA EDICI\u00d3N UN GRAN NIVEL NO PERFIL DOS VISITANTES POLA S\u00daA CAPACIDADE DE DECISI\u00d3N NO PROCESO DE COMPRA, INCLU\u00cdNDOSE ENTRE ELES RESPONSABLES DE DISTINTAS ADMINISTRACI\u00d3NS, SERVIZOS DE EMERXENCIAS E CORPOS DE SEGURIDADE DO ESTADO E TAM\u00c9N DE IMPORTANTES EMPRESAS DE DIVERSOS SECTORES ESTA TERCEIRA EDICI\u00d3N MOSTROU DENDE O PASADO M\u00c9RCOLES ... Ler m\u00e1is\" \/>\n<meta property=\"og:url\" content=\"https:\/\/www.sedexpo.com\/gl\/la-feria-de-seguridad-defensa-y-emergencias-sedexpo-2025-recibe-a-mas-de-3-300-visitantes-con-un-perfil-de-gran-calidad\/\" \/>\n<meta property=\"og:site_name\" content=\"SEDEXPO\" \/>\n<meta property=\"article:publisher\" content=\"https:\/\/www.facebook.com\/feriaSEDEXPO\" \/>\n<meta property=\"article:published_time\" content=\"2025-03-28T15:10:29+00:00\" \/>\n<meta property=\"article:modified_time\" content=\"2025-03-28T15:12:00+00:00\" \/>\n<meta property=\"og:image\" content=\"https:\/\/www.sedexpo.com\/wp-content\/uploads\/2025\/03\/Publico-en-Sedexpo-2025-DSC04831-scaled.jpg\" \/>\n\t<meta property=\"og:image:width\" content=\"2560\" \/>\n\t<meta property=\"og:image:height\" content=\"1441\" \/>\n\t<meta property=\"og:image:type\" content=\"image\/jpeg\" \/>\n<meta name=\"twitter:card\" content=\"summary_large_image\" \/>\n<meta name=\"twitter:creator\" content=\"@feriasedexpo\" \/>\n<meta name=\"twitter:site\" content=\"@feriasedexpo\" \/>\n<meta name=\"twitter:label1\" content=\"Escrito por\" \/>\n\t<meta name=\"twitter:data1\" content=\"admin@SedExpo\" \/>\n\t<meta name=\"twitter:label2\" content=\"Tempo de lectura\" \/>\n\t<meta name=\"twitter:data2\" content=\"5 minutos\" \/>\n<script type=\"application\/ld+json\" class=\"yoast-schema-graph\">{\"@context\":\"https:\/\/schema.org\",\"@graph\":[{\"@type\":\"Organization\",\"@id\":\"https:\/\/www.sedexpo.com\/gl\/#organization\",\"name\":\"SEDEXPO\",\"url\":\"https:\/\/www.sedexpo.com\/gl\/\",\"sameAs\":[\"https:\/\/www.facebook.com\/feriaSEDEXPO\",\"https:\/\/es.linkedin.com\/company\/sedexpo\",\"https:\/\/twitter.com\/feriasedexpo\"],\"logo\":{\"@type\":\"ImageObject\",\"@id\":\"https:\/\/www.sedexpo.com\/gl\/#logo\",\"inLanguage\":\"gl-ES\",\"url\":\"https:\/\/www.sedexpo.com\/wp-content\/uploads\/2022\/02\/sedexpo-logo.png\",\"contentUrl\":\"https:\/\/www.sedexpo.com\/wp-content\/uploads\/2022\/02\/sedexpo-logo.png\",\"width\":556,\"height\":556,\"caption\":\"SEDEXPO\"},\"image\":{\"@id\":\"https:\/\/www.sedexpo.com\/gl\/#logo\"}},{\"@type\":\"WebSite\",\"@id\":\"https:\/\/www.sedexpo.com\/gl\/#website\",\"url\":\"https:\/\/www.sedexpo.com\/gl\/\",\"name\":\"SEDEXPO\",\"description\":\"Feria Internacional de Seguridad, Defensa y Emergencias.\",\"publisher\":{\"@id\":\"https:\/\/www.sedexpo.com\/gl\/#organization\"},\"potentialAction\":[{\"@type\":\"SearchAction\",\"target\":{\"@type\":\"EntryPoint\",\"urlTemplate\":\"https:\/\/www.sedexpo.com\/gl\/?s={search_term_string}\"},\"query-input\":\"required name=search_term_string\"}],\"inLanguage\":\"gl-ES\"},{\"@type\":\"ImageObject\",\"@id\":\"https:\/\/www.sedexpo.com\/gl\/la-feria-de-seguridad-defensa-y-emergencias-sedexpo-2025-recibe-a-mas-de-3-300-visitantes-con-un-perfil-de-gran-calidad\/#primaryimage\",\"inLanguage\":\"gl-ES\",\"url\":\"https:\/\/www.sedexpo.com\/wp-content\/uploads\/2025\/03\/Publico-en-Sedexpo-2025-DSC04831-scaled.jpg\",\"contentUrl\":\"https:\/\/www.sedexpo.com\/wp-content\/uploads\/2025\/03\/Publico-en-Sedexpo-2025-DSC04831-scaled.jpg\",\"width\":2560,\"height\":1441},{\"@type\":\"WebPage\",\"@id\":\"https:\/\/www.sedexpo.com\/gl\/la-feria-de-seguridad-defensa-y-emergencias-sedexpo-2025-recibe-a-mas-de-3-300-visitantes-con-un-perfil-de-gran-calidad\/#webpage\",\"url\":\"https:\/\/www.sedexpo.com\/gl\/la-feria-de-seguridad-defensa-y-emergencias-sedexpo-2025-recibe-a-mas-de-3-300-visitantes-con-un-perfil-de-gran-calidad\/\",\"name\":\"A feira de seguridade, defensa e emerxencias Sedexpo 2025 recibe a m\u00e1is de 3.300 visitantes cun perfil de \u201cgran calidade\u201d - SEDEXPO\",\"isPartOf\":{\"@id\":\"https:\/\/www.sedexpo.com\/gl\/#website\"},\"primaryImageOfPage\":{\"@id\":\"https:\/\/www.sedexpo.com\/gl\/la-feria-de-seguridad-defensa-y-emergencias-sedexpo-2025-recibe-a-mas-de-3-300-visitantes-con-un-perfil-de-gran-calidad\/#primaryimage\"},\"datePublished\":\"2025-03-28T15:10:29+00:00\",\"dateModified\":\"2025-03-28T15:12:00+00:00\",\"breadcrumb\":{\"@id\":\"https:\/\/www.sedexpo.com\/gl\/la-feria-de-seguridad-defensa-y-emergencias-sedexpo-2025-recibe-a-mas-de-3-300-visitantes-con-un-perfil-de-gran-calidad\/#breadcrumb\"},\"inLanguage\":\"gl-ES\",\"potentialAction\":[{\"@type\":\"ReadAction\",\"target\":[\"https:\/\/www.sedexpo.com\/gl\/la-feria-de-seguridad-defensa-y-emergencias-sedexpo-2025-recibe-a-mas-de-3-300-visitantes-con-un-perfil-de-gran-calidad\/\"]}]},{\"@type\":\"BreadcrumbList\",\"@id\":\"https:\/\/www.sedexpo.com\/gl\/la-feria-de-seguridad-defensa-y-emergencias-sedexpo-2025-recibe-a-mas-de-3-300-visitantes-con-un-perfil-de-gran-calidad\/#breadcrumb\",\"itemListElement\":[{\"@type\":\"ListItem\",\"position\":1,\"name\":\"Portada\",\"item\":\"https:\/\/www.sedexpo.com\/gl\/\"},{\"@type\":\"ListItem\",\"position\":2,\"name\":\"A feira de seguridade, defensa e emerxencias Sedexpo 2025 recibe a m\u00e1is de 3.300 visitantes cun perfil de \u201cgran calidade\u201d\"}]},{\"@type\":\"Article\",\"@id\":\"https:\/\/www.sedexpo.com\/gl\/la-feria-de-seguridad-defensa-y-emergencias-sedexpo-2025-recibe-a-mas-de-3-300-visitantes-con-un-perfil-de-gran-calidad\/#article\",\"isPartOf\":{\"@id\":\"https:\/\/www.sedexpo.com\/gl\/la-feria-de-seguridad-defensa-y-emergencias-sedexpo-2025-recibe-a-mas-de-3-300-visitantes-con-un-perfil-de-gran-calidad\/#webpage\"},\"author\":{\"@id\":\"https:\/\/www.sedexpo.com\/gl\/#\/schema\/person\/1fc7315d6712a25472b2c1ce06566872\"},\"headline\":\"A feira de seguridade, defensa e emerxencias Sedexpo 2025 recibe a m\u00e1is de 3.300 visitantes cun perfil de \u201cgran calidade\u201d\",\"datePublished\":\"2025-03-28T15:10:29+00:00\",\"dateModified\":\"2025-03-28T15:12:00+00:00\",\"mainEntityOfPage\":{\"@id\":\"https:\/\/www.sedexpo.com\/gl\/la-feria-de-seguridad-defensa-y-emergencias-sedexpo-2025-recibe-a-mas-de-3-300-visitantes-con-un-perfil-de-gran-calidad\/#webpage\"},\"wordCount\":959,\"publisher\":{\"@id\":\"https:\/\/www.sedexpo.com\/gl\/#organization\"},\"image\":{\"@id\":\"https:\/\/www.sedexpo.com\/gl\/la-feria-de-seguridad-defensa-y-emergencias-sedexpo-2025-recibe-a-mas-de-3-300-visitantes-con-un-perfil-de-gran-calidad\/#primaryimage\"},\"thumbnailUrl\":\"https:\/\/www.sedexpo.com\/wp-content\/uploads\/2025\/03\/Publico-en-Sedexpo-2025-DSC04831-scaled.jpg\",\"articleSection\":[\"Uncategorized @gl\"],\"inLanguage\":\"gl-ES\"},{\"@type\":\"Person\",\"@id\":\"https:\/\/www.sedexpo.com\/gl\/#\/schema\/person\/1fc7315d6712a25472b2c1ce06566872\",\"name\":\"admin@SedExpo\",\"image\":{\"@type\":\"ImageObject\",\"@id\":\"https:\/\/www.sedexpo.com\/gl\/#personlogo\",\"inLanguage\":\"gl-ES\",\"url\":\"https:\/\/secure.gravatar.com\/avatar\/2aee3a429c5c84b2486f82e4bb736b27e478d3632de0946f5aba7087273fe2cb?s=96&d=mm&r=g\",\"contentUrl\":\"https:\/\/secure.gravatar.com\/avatar\/2aee3a429c5c84b2486f82e4bb736b27e478d3632de0946f5aba7087273fe2cb?s=96&d=mm&r=g\",\"caption\":\"admin@SedExpo\"},\"sameAs\":[\"https:\/\/sedexpo.com\"],\"url\":\"https:\/\/www.sedexpo.com\/gl\/author\/adminsedexpo\/\"}]}<\/script>\n<!-- \/ Yoast SEO plugin. -->","yoast_head_json":{"title":"A feira de seguridade, defensa e emerxencias Sedexpo 2025 recibe a m\u00e1is de 3.300 visitantes cun perfil de \u201cgran calidade\u201d - SEDEXPO","robots":{"index":"index","follow":"follow","max-snippet":"max-snippet:-1","max-image-preview":"max-image-preview:large","max-video-preview":"max-video-preview:-1"},"canonical":"https:\/\/www.sedexpo.com\/gl\/la-feria-de-seguridad-defensa-y-emergencias-sedexpo-2025-recibe-a-mas-de-3-300-visitantes-con-un-perfil-de-gran-calidad\/","og_locale":"gl_ES","og_type":"article","og_title":"A feira de seguridade, defensa e emerxencias Sedexpo 2025 recibe a m\u00e1is de 3.300 visitantes cun perfil de \u201cgran calidade\u201d - SEDEXPO","og_description":"A MAIOR\u00cdA DE EXPOSITORES DESTACARON NESTA EDICI\u00d3N UN GRAN NIVEL NO PERFIL DOS VISITANTES POLA S\u00daA CAPACIDADE DE DECISI\u00d3N NO PROCESO DE COMPRA, INCLU\u00cdNDOSE ENTRE ELES RESPONSABLES DE DISTINTAS ADMINISTRACI\u00d3NS, SERVIZOS DE EMERXENCIAS E CORPOS DE SEGURIDADE DO ESTADO E TAM\u00c9N DE IMPORTANTES EMPRESAS DE DIVERSOS SECTORES ESTA TERCEIRA EDICI\u00d3N MOSTROU DENDE O PASADO M\u00c9RCOLES ... Ler m\u00e1is","og_url":"https:\/\/www.sedexpo.com\/gl\/la-feria-de-seguridad-defensa-y-emergencias-sedexpo-2025-recibe-a-mas-de-3-300-visitantes-con-un-perfil-de-gran-calidad\/","og_site_name":"SEDEXPO","article_publisher":"https:\/\/www.facebook.com\/feriaSEDEXPO","article_published_time":"2025-03-28T15:10:29+00:00","article_modified_time":"2025-03-28T15:12:00+00:00","og_image":[{"width":2560,"height":1441,"url":"https:\/\/www.sedexpo.com\/wp-content\/uploads\/2025\/03\/Publico-en-Sedexpo-2025-DSC04831-scaled.jpg","type":"image\/jpeg"}],"twitter_card":"summary_large_image","twitter_creator":"@feriasedexpo","twitter_site":"@feriasedexpo","twitter_misc":{"Escrito por":"admin@SedExpo","Tempo de lectura":"5 minutos"},"schema":{"@context":"https:\/\/schema.org","@graph":[{"@type":"Organization","@id":"https:\/\/www.sedexpo.com\/gl\/#organization","name":"SEDEXPO","url":"https:\/\/www.sedexpo.com\/gl\/","sameAs":["https:\/\/www.facebook.com\/feriaSEDEXPO","https:\/\/es.linkedin.com\/company\/sedexpo","https:\/\/twitter.com\/feriasedexpo"],"logo":{"@type":"ImageObject","@id":"https:\/\/www.sedexpo.com\/gl\/#logo","inLanguage":"gl-ES","url":"https:\/\/www.sedexpo.com\/wp-content\/uploads\/2022\/02\/sedexpo-logo.png","contentUrl":"https:\/\/www.sedexpo.com\/wp-content\/uploads\/2022\/02\/sedexpo-logo.png","width":556,"height":556,"caption":"SEDEXPO"},"image":{"@id":"https:\/\/www.sedexpo.com\/gl\/#logo"}},{"@type":"WebSite","@id":"https:\/\/www.sedexpo.com\/gl\/#website","url":"https:\/\/www.sedexpo.com\/gl\/","name":"SEDEXPO","description":"Feria Internacional de Seguridad, Defensa y Emergencias.","publisher":{"@id":"https:\/\/www.sedexpo.com\/gl\/#organization"},"potentialAction":[{"@type":"SearchAction","target":{"@type":"EntryPoint","urlTemplate":"https:\/\/www.sedexpo.com\/gl\/?s={search_term_string}"},"query-input":"required name=search_term_string"}],"inLanguage":"gl-ES"},{"@type":"ImageObject","@id":"https:\/\/www.sedexpo.com\/gl\/la-feria-de-seguridad-defensa-y-emergencias-sedexpo-2025-recibe-a-mas-de-3-300-visitantes-con-un-perfil-de-gran-calidad\/#primaryimage","inLanguage":"gl-ES","url":"https:\/\/www.sedexpo.com\/wp-content\/uploads\/2025\/03\/Publico-en-Sedexpo-2025-DSC04831-scaled.jpg","contentUrl":"https:\/\/www.sedexpo.com\/wp-content\/uploads\/2025\/03\/Publico-en-Sedexpo-2025-DSC04831-scaled.jpg","width":2560,"height":1441},{"@type":"WebPage","@id":"https:\/\/www.sedexpo.com\/gl\/la-feria-de-seguridad-defensa-y-emergencias-sedexpo-2025-recibe-a-mas-de-3-300-visitantes-con-un-perfil-de-gran-calidad\/#webpage","url":"https:\/\/www.sedexpo.com\/gl\/la-feria-de-seguridad-defensa-y-emergencias-sedexpo-2025-recibe-a-mas-de-3-300-visitantes-con-un-perfil-de-gran-calidad\/","name":"A feira de seguridade, defensa e emerxencias Sedexpo 2025 recibe a m\u00e1is de 3.300 visitantes cun perfil de \u201cgran calidade\u201d - SEDEXPO","isPartOf":{"@id":"https:\/\/www.sedexpo.com\/gl\/#website"},"primaryImageOfPage":{"@id":"https:\/\/www.sedexpo.com\/gl\/la-feria-de-seguridad-defensa-y-emergencias-sedexpo-2025-recibe-a-mas-de-3-300-visitantes-con-un-perfil-de-gran-calidad\/#primaryimage"},"datePublished":"2025-03-28T15:10:29+00:00","dateModified":"2025-03-28T15:12:00+00:00","breadcrumb":{"@id":"https:\/\/www.sedexpo.com\/gl\/la-feria-de-seguridad-defensa-y-emergencias-sedexpo-2025-recibe-a-mas-de-3-300-visitantes-con-un-perfil-de-gran-calidad\/#breadcrumb"},"inLanguage":"gl-ES","potentialAction":[{"@type":"ReadAction","target":["https:\/\/www.sedexpo.com\/gl\/la-feria-de-seguridad-defensa-y-emergencias-sedexpo-2025-recibe-a-mas-de-3-300-visitantes-con-un-perfil-de-gran-calidad\/"]}]},{"@type":"BreadcrumbList","@id":"https:\/\/www.sedexpo.com\/gl\/la-feria-de-seguridad-defensa-y-emergencias-sedexpo-2025-recibe-a-mas-de-3-300-visitantes-con-un-perfil-de-gran-calidad\/#breadcrumb","itemListElement":[{"@type":"ListItem","position":1,"name":"Portada","item":"https:\/\/www.sedexpo.com\/gl\/"},{"@type":"ListItem","position":2,"name":"A feira de seguridade, defensa e emerxencias Sedexpo 2025 recibe a m\u00e1is de 3.300 visitantes cun perfil de \u201cgran calidade\u201d"}]},{"@type":"Article","@id":"https:\/\/www.sedexpo.com\/gl\/la-feria-de-seguridad-defensa-y-emergencias-sedexpo-2025-recibe-a-mas-de-3-300-visitantes-con-un-perfil-de-gran-calidad\/#article","isPartOf":{"@id":"https:\/\/www.sedexpo.com\/gl\/la-feria-de-seguridad-defensa-y-emergencias-sedexpo-2025-recibe-a-mas-de-3-300-visitantes-con-un-perfil-de-gran-calidad\/#webpage"},"author":{"@id":"https:\/\/www.sedexpo.com\/gl\/#\/schema\/person\/1fc7315d6712a25472b2c1ce06566872"},"headline":"A feira de seguridade, defensa e emerxencias Sedexpo 2025 recibe a m\u00e1is de 3.300 visitantes cun perfil de \u201cgran calidade\u201d","datePublished":"2025-03-28T15:10:29+00:00","dateModified":"2025-03-28T15:12:00+00:00","mainEntityOfPage":{"@id":"https:\/\/www.sedexpo.com\/gl\/la-feria-de-seguridad-defensa-y-emergencias-sedexpo-2025-recibe-a-mas-de-3-300-visitantes-con-un-perfil-de-gran-calidad\/#webpage"},"wordCount":959,"publisher":{"@id":"https:\/\/www.sedexpo.com\/gl\/#organization"},"image":{"@id":"https:\/\/www.sedexpo.com\/gl\/la-feria-de-seguridad-defensa-y-emergencias-sedexpo-2025-recibe-a-mas-de-3-300-visitantes-con-un-perfil-de-gran-calidad\/#primaryimage"},"thumbnailUrl":"https:\/\/www.sedexpo.com\/wp-content\/uploads\/2025\/03\/Publico-en-Sedexpo-2025-DSC04831-scaled.jpg","articleSection":["Uncategorized @gl"],"inLanguage":"gl-ES"},{"@type":"Person","@id":"https:\/\/www.sedexpo.com\/gl\/#\/schema\/person\/1fc7315d6712a25472b2c1ce06566872","name":"admin@SedExpo","image":{"@type":"ImageObject","@id":"https:\/\/www.sedexpo.com\/gl\/#personlogo","inLanguage":"gl-ES","url":"https:\/\/secure.gravatar.com\/avatar\/2aee3a429c5c84b2486f82e4bb736b27e478d3632de0946f5aba7087273fe2cb?s=96&d=mm&r=g","contentUrl":"https:\/\/secure.gravatar.com\/avatar\/2aee3a429c5c84b2486f82e4bb736b27e478d3632de0946f5aba7087273fe2cb?s=96&d=mm&r=g","caption":"admin@SedExpo"},"sameAs":["https:\/\/sedexpo.com"],"url":"https:\/\/www.sedexpo.com\/gl\/author\/adminsedexpo\/"}]}},"_links":{"self":[{"href":"https:\/\/www.sedexpo.com\/gl\/wp-json\/wp\/v2\/posts\/4136","targetHints":{"allow":["GET"]}}],"collection":[{"href":"https:\/\/www.sedexpo.com\/gl\/wp-json\/wp\/v2\/posts"}],"about":[{"href":"https:\/\/www.sedexpo.com\/gl\/wp-json\/wp\/v2\/types\/post"}],"author":[{"embeddable":true,"href":"https:\/\/www.sedexpo.com\/gl\/wp-json\/wp\/v2\/users\/1"}],"replies":[{"embeddable":true,"href":"https:\/\/www.sedexpo.com\/gl\/wp-json\/wp\/v2\/comments?post=4136"}],"version-history":[{"count":1,"href":"https:\/\/www.sedexpo.com\/gl\/wp-json\/wp\/v2\/posts\/4136\/revisions"}],"predecessor-version":[{"id":4137,"href":"https:\/\/www.sedexpo.com\/gl\/wp-json\/wp\/v2\/posts\/4136\/revisions\/4137"}],"wp:featuredmedia":[{"embeddable":true,"href":"https:\/\/www.sedexpo.com\/gl\/wp-json\/wp\/v2\/media\/4134"}],"wp:attachment":[{"href":"https:\/\/www.sedexpo.com\/gl\/wp-json\/wp\/v2\/media?parent=4136"}],"wp:term":[{"taxonomy":"category","embeddable":true,"href":"https:\/\/www.sedexpo.com\/gl\/wp-json\/wp\/v2\/categories?post=4136"},{"taxonomy":"post_tag","embeddable":true,"href":"https:\/\/www.sedexpo.com\/gl\/wp-json\/wp\/v2\/tags?post=4136"}],"curies":[{"name":"wp","href":"https:\/\/api.w.org\/{rel}","templated":true}]}}